{"id":45719,"date":"2024-08-19T08:04:30","date_gmt":"2024-08-19T06:04:30","guid":{"rendered":"https:\/\/mec-ht.dk\/?p=45719"},"modified":"2025-05-16T12:29:54","modified_gmt":"2025-05-16T11:29:54","slug":"saa-er-der-hoestmarked","status":"publish","type":"post","link":"https:\/\/www.mec-ht.dk\/da\/saa-er-der-hoestmarked","title":{"rendered":"S\u00e5 er der h\u00f8stmarked"},"content":{"rendered":"<p>S\u00e5 er det tid til \u00e5rets \u00f8kologiske h\u00f8stmarked. Det vil v\u00e6re i weekenden den 31. august -1.september i tidsrummet kl. 10-16.\u00a0 Cafe Vild er \u00e5ben fra morgenstunden med friske croissanter, Kl. 10.30 vil der v\u00e6re gratis haverundvisning ved Aiah Noack, og kl. 11.15 starter dagens kartoffelg\u00e6ttekonkurrence.<\/p>\n<p>Der vil v\u00e6re forskelligt fagligt input p\u00e5 de to dage. Om l\u00f8rdagen er det fr\u00f8samler S\u00f8ren Holt, der fort\u00e6ller om \u2013 og giver smagspr\u00f8ver p\u00e5 &#8211; vild fermentering. Om s\u00f8ndagen vil blomsterdekorat\u00f8r Helene Bjerre fort\u00e6lle om og demonstrere \u00e5rstidens naturbuketter. Begge dage kl. 11.30.<\/p>\n<p>Man vil fra ca. kl.12.30 f\u00e5 urtesuppe og lave snobr\u00f8d i haven, eller ogs\u00e5 kan man frekventere Cafe Vild,hvor der er hjemmelavede sandwiches.<\/p>\n<p>Senere p\u00e5 dagen vil den lokale biavler Henrik Ry\u00f8 Jensen invitere p\u00e5 en lille udflugt til de bistader han har st\u00e5ende i oplandet. Om s\u00f8ndagen vil stedets gartner Bj\u00f8rn Gyde demonstrere frugttr\u00e6er og buske. Begge dage starter denne del af dagen arrangement kl. 14.30.<\/p>\n<p>Inden arrangementet slutter kl. 16 vil vi have fundet dagens vinder af kartoffelkonkurrencen.<\/p>\n<p><img loading=\"lazy\" decoding=\"async\" class=\"alignnone size-large wp-image-45724\" src=\"\/wp-content\/uploads\/2024\/08\/hoestfest-2a-4096x2731.jpeg\" alt=\"\" width=\"1200\" height=\"800\" \/><\/p>","protected":false},"excerpt":{"rendered":"<p>S\u00e5 er det tid til \u00e5rets \u00f8kologiske h\u00f8stmarked. Det vil v\u00e6re i weekenden den 31. august -1.september i tidsrummet kl. [&hellip;]<\/p>\n","protected":false},"author":3,"featured_media":45724,"comment_status":"open","ping_status":"open","sticky":false,"template":"","format":"standard","meta":{"site-sidebar-layout":"default","site-content-layout":"","ast-site-content-layout":"","site-content-style":"default","site-sidebar-style":"default","ast-global-header-display":"","ast-banner-title-visibility":"","ast-main-header-display":"","ast-hfb-above-header-display":"","ast-hfb-below-header-display":"","ast-hfb-mobile-header-display":"","site-post-title":"","ast-breadcrumbs-content":"","ast-featured-img":"disabled","footer-sml-layout":"","ast-disable-related-posts":"","theme-transparent-header-meta":"","adv-header-id-meta":"","stick-header-meta":"","header-above-stick-meta":"","header-main-stick-meta":"","header-below-stick-meta":"","astra-migrate-meta-layouts":"default","ast-page-background-enabled":"default","ast-page-background-meta":{"desktop":{"background-color":"var(--ast-global-color-5)","background-image":"","background-repeat":"repeat","background-position":"center center","background-size":"auto","background-attachment":"scroll","background-type":"","background-media":"","overlay-type":"","overlay-color":"","overlay-opacity":"","overlay-gradient":""},"tablet":{"background-color":"","background-image":"","background-repeat":"repeat","background-position":"center center","background-size":"auto","background-attachment":"scroll","background-type":"","background-media":"","overlay-type":"","overlay-color":"","overlay-opacity":"","overlay-gradient":""},"mobile":{"background-color":"","background-image":"","background-repeat":"repeat","background-position":"center center","background-size":"auto","background-attachment":"scroll","background-type":"","background-media":"","overlay-type":"","overlay-color":"","overlay-opacity":"","overlay-gradient":""}},"ast-content-background-meta":{"desktop":{"background-color":"var(--ast-global-color-4)","background-image":"","background-repeat":"repeat","background-position":"center center","background-size":"auto","background-attachment":"scroll","background-type":"","background-media":"","overlay-type":"","overlay-color":"","overlay-opacity":"","overlay-gradient":""},"tablet":{"background-color":"var(--ast-global-color-4)","background-image":"","background-repeat":"repeat","background-position":"center center","background-size":"auto","background-attachment":"scroll","background-type":"","background-media":"","overlay-type":"","overlay-color":"","overlay-opacity":"","overlay-gradient":""},"mobile":{"background-color":"var(--ast-global-color-4)","background-image":"","background-repeat":"repeat","background-position":"center center","background-size":"auto","background-attachment":"scroll","background-type":"","background-media":"","overlay-type":"","overlay-color":"","overlay-opacity":"","overlay-gradient":""}},"footnotes":""},"categories":[24],"tags":[],"class_list":["post-45719","post","type-post","status-publish","format-standard","has-post-thumbnail","hentry","category-nyheder"],"_links":{"self":[{"href":"https:\/\/www.mec-ht.dk\/da\/wp-json\/wp\/v2\/posts\/45719","targetHints":{"allow":["GET"]}}],"collection":[{"href":"https:\/\/www.mec-ht.dk\/da\/wp-json\/wp\/v2\/posts"}],"about":[{"href":"https:\/\/www.mec-ht.dk\/da\/wp-json\/wp\/v2\/types\/post"}],"author":[{"embeddable":true,"href":"https:\/\/www.mec-ht.dk\/da\/wp-json\/wp\/v2\/users\/3"}],"replies":[{"embeddable":true,"href":"https:\/\/www.mec-ht.dk\/da\/wp-json\/wp\/v2\/comments?post=45719"}],"version-history":[{"count":1,"href":"https:\/\/www.mec-ht.dk\/da\/wp-json\/wp\/v2\/posts\/45719\/revisions"}],"predecessor-version":[{"id":46667,"href":"https:\/\/www.mec-ht.dk\/da\/wp-json\/wp\/v2\/posts\/45719\/revisions\/46667"}],"wp:featuredmedia":[{"embeddable":true,"href":"https:\/\/www.mec-ht.dk\/da\/wp-json\/wp\/v2\/media\/45724"}],"wp:attachment":[{"href":"https:\/\/www.mec-ht.dk\/da\/wp-json\/wp\/v2\/media?parent=45719"}],"wp:term":[{"taxonomy":"category","embeddable":true,"href":"https:\/\/www.mec-ht.dk\/da\/wp-json\/wp\/v2\/categories?post=45719"},{"taxonomy":"post_tag","embeddable":true,"href":"https:\/\/www.mec-ht.dk\/da\/wp-json\/wp\/v2\/tags?post=45719"}],"curies":[{"name":"wp","href":"https:\/\/api.w.org\/{rel}","templated":true}]}}